{"id":1,"date":"2022-11-16T12:02:25","date_gmt":"2022-11-16T11:02:25","guid":{"rendered":"http:\/\/ifrie.org\/?p=1"},"modified":"2023-06-23T14:53:02","modified_gmt":"2023-06-23T12:53:02","slug":"bonjour-tout-le-monde","status":"publish","type":"post","link":"https:\/\/ifrie.org\/index.php\/2022\/11\/16\/bonjour-tout-le-monde\/","title":{"rendered":"Institut fran\u00e7ais R\u00e9silience &#038; Intelligence \u00e9motionnelle\u00a0(IFRIE)"},"content":{"rendered":"\n<hr class=\"wp-block-separator has-alpha-channel-opacity\"\/>\n\n\n\n<p><strong>Principes et m\u00e9thodes<\/strong>.<\/p>\n\n\n\n<p><\/p>\n\n\n\n<ol class=\"wp-block-list\" type=\"1\">\n<li><strong>Un contexte qui conduit \u00e0 l\u2019action<\/strong>.<\/li>\n<\/ol>\n\n\n\n<p>Notre environnement collectif est complexe et fragile. Or, le voil\u00e0 soumis \u00e0 des crises de toutes natures, parfois profondes, g\u00e9n\u00e9rant peurs, anxi\u00e9t\u00e9, mal-\u00eatre et repli sur soi, ou sur d\u2019autres, peut-\u00eatre, \u00e9galement en mal-\u00eatre. Ces situations, <em>exacerb\u00e9es<\/em>&nbsp;par d\u2019incessants messages de doute et de haine, sont amplifi\u00e9es par des r\u00e9seaux sociaux ou des applications num\u00e9riques immersives en 3D (trois dimensions) sans fronti\u00e8res juridiques (ou juridique flou), g\u00e9ographiques ou humaines.<\/p>\n\n\n\n<p>Comment surmonter et survivre, nous, aujourd\u2019hui et nos enfants, demain&nbsp;?<\/p>\n\n\n\n<p>L\u2019objectif de l&rsquo;IFRIE, \u00e0 son \u00e9chelle et avec ses moyens, est de&nbsp;<strong>renforcer la r\u00e9silience individuelle et collective, en augmentant, sainement et sereinement, la capacit\u00e9 de discernement<\/strong>, au quotidien comme en situation de crise, par-del\u00e0 l\u2019enseignement propre \u00e0 chaque environnement et \u00e0 chaque culture.<\/p>\n\n\n\n<p>Cette am\u00e9lioration du bien-\u00eatre, pour soi et pour les autres, passe par un travail sur le&nbsp;<strong>Corps,<\/strong>&nbsp;le<strong>&nbsp;C\u0153ur&nbsp;<\/strong>et l\u2019<strong>Esprit<\/strong>, \u00e0 commencer par la respiration &#8211; avec des pratiques sur des aspects comportementaux, physiologiques, hormonaux, intuitifs et \u00e9motionnels &#8211; et la clarification du r\u00f4le des perceptions et des \u00e9motions, ces derni\u00e8res conditionnant \u00e0 la fois, l\u2019\u00e9laboration de nos pens\u00e9es et la mise en \u0153uvre de nos actes.<\/p>\n\n\n\n<ul class=\"wp-block-list\">\n<li><strong>Une d\u00e9marche individuelle et collective humaniste<\/strong>.<\/li>\n<\/ul>\n\n\n\n<p><strong>L\u2019<\/strong><strong>IFRIE<\/strong>&nbsp;est l\u2019une des cordes de l\u2019<em>ARC<a href=\"http:\/\/ifrie.org\/index.php\/2022\/11\/16\/bonjour-tout-le-monde\/#_ftn1\"><strong>[1]<\/strong><\/a><\/em>. Statutairement, c\u2019est une association loi 1901 \u00e0 but non lucratif, laquelle, avec ses partenaires, \u00e9labore et diffuse des m\u00e9thodes et des outils qui int\u00e8grent les progr\u00e8s neuroscientifiques du XXIe si\u00e8cle. Son but consiste \u00e0 entrainer des&nbsp;<em>Tuteurs de r\u00e9silience<\/em>&nbsp;pour soutenir des maires et renforcer des communes volontaires souhaitant sensibiliser leurs concitoyens \u00e0 la culture de la r\u00e9silience en cas de crises ou de p\u00e9rils majeurs.<\/p>\n\n\n\n<p>L\u2019<em>ARC<\/em>, l\u2019IFRIE et leurs partenaires \u0153uvrent \u00e0 renforcer la r\u00e9silience de la Nation en intervenant dans le domaine humain aux niveaux individuel et collectif. Il s\u2019agit de conduire harmonieusement une d\u00e9marche, d\u2019une part, individuelle, ax\u00e9e sur la ma\u00eetrise sereine de soi, et&nbsp;d&rsquo;autre part, collective, fond\u00e9e sur l\u2019entraide, la coop\u00e9ration, la fraternit\u00e9 et la solidarit\u00e9.<\/p>\n\n\n\n<p>L\u2019originalit\u00e9 de cette d\u00e9marche, et aussi son d\u00e9fi, consistent \u00e0 privil\u00e9gier la prise en compte d&rsquo;une <em>meilleure connaissance de soi<\/em>, dans une d\u00e9marche globale, rationnelle et humaniste, \u00e0 m\u00eame de susciter des synergies avec d&rsquo;autres r\u00e9flexions ou actions de sensibilisation, publiques ou priv\u00e9es, contribuant \u00e0 la r\u00e9silience de la Nation. \u00a0\u00a0<\/p>\n\n\n\n<ul class=\"wp-block-list\">\n<li><strong>Une d\u00e9marche citoyenne, simple et efficace, compl\u00e9mentaire des organisations existantes, lesquelles contribuent, d\u00e9j\u00e0, \u00e0 la R\u00e9silience individuelle et collective Fran\u00e7aise. <\/strong><\/li>\n<\/ul>\n\n\n\n<p>L\u2019objectif est de&nbsp;<strong>d\u00e9velopper, de mani\u00e8re simple et efficace, au profit de la population, quel que soit son \u00e2ge, le discernement et l\u2019aptitude \u00e0 d\u00e9cider et \u00e0 agir, sainement et sereinement, dans le respect du libre arbitre de chacun.<\/strong> <\/p>\n\n\n\n<p>Forts de ces capacit\u00e9s, ils seront, ainsi, mieux arm\u00e9s pour faire face aux p\u00e9rils majeurs et les traverser plus efficacement en r\u00e9gulant leurs peurs, de fa\u00e7on \u00e0 se reconstruire rapidement en bridant le d\u00e9sarroi naturel sans d\u00e9sesp\u00e9rer.<\/p>\n\n\n\n<p>Dans cette perspective, et en compl\u00e9ment d\u2019autres organismes sp\u00e9cialis\u00e9s dans le renforcement de la r\u00e9silience de la Nation, l\u2019<em>ARC<\/em>, l\u2019IFRIE et leurs partenaires d\u00e9veloppent, sans moyens ou accessoires co\u00fbteux,&nbsp;une action, respectueuse du libre arbitre, amenant chaque volontaire \u00e0 mieux se conna\u00eetre, en r\u00e9gulant, dans un juste \u00e9quilibre, sa respiration, ses \u00e9motions, ses pens\u00e9es et ses actions. <\/p>\n\n\n\n<p>Autrement dit, il s&rsquo;agit de proposer une m\u00e9thode simple, coh\u00e9rente et harmonieuse, respectant l&rsquo;environnement, les autres, et surtout, soi-m\u00eame, c&rsquo;est \u00e0 dire son Corps, son C\u0153ur et son Esprit.  <\/p>\n\n\n\n<ul class=\"wp-block-list\">\n<li><strong>Une m\u00e9thode globale de bonification du potentiel humain<\/strong>.<\/li>\n<\/ul>\n\n\n\n<p>La m\u00e9thode qui sous-tend la d\u00e9marche propos\u00e9e, d\u00e9j\u00e0 en cours d\u2019exp\u00e9rimentation, s\u2019appuie sur des d\u00e9couvertes majeures des neurosciences du XXI\u00b0 si\u00e8cle. Cette m\u00e9thode est utilis\u00e9e, de mani\u00e8re pratique et courante, par des professions expos\u00e9es aux risques ; elle s\u2019inspire, par ailleurs, de connaissances anciennes dont certaines sont emprunt\u00e9es \u00e0 des cultures \u00e9trang\u00e8res.<\/p>\n\n\n\n<p>Cette m\u00e9thode se caract\u00e9rise par l\u2019acquisition progressive et graduelle de comp\u00e9tences pr\u00e9sent\u00e9es sch\u00e9matiquement sous forme d\u2019un concept <em><a href=\"http:\/\/ifrie.org\/index.php\/2022\/11\/16\/bonjour-tout-le-monde\/#_ftn1\"><strong>[<\/strong><strong>3<\/strong><strong>]<\/strong><\/a> <\/em><em>et <\/em>de s\u00e9quences ou modules sp\u00e9cifiques (Corps, C\u0153ur, Esprit) pr\u00e9sent\u00e9s par des&nbsp;<em>Tutrices et Tuteurs de r\u00e9silience<\/em>&nbsp;sensibilis\u00e9s, form\u00e9s et entrain\u00e9s par l\u2019IFRIE et ses partenaires, conduisant \u00e0 l\u2019acquisition de techniques de bonification du potentiel :<\/p>\n\n\n\n<ul class=\"wp-block-list\">\n<li>Sur le <strong>Corps<\/strong>&nbsp;:\n<ul class=\"wp-block-list\">\n<li>en pratiquant la respiration naturelle ;<\/li>\n\n\n\n<li>en pratiquant la r\u00e9gulation \u00e9motionnelle ;<\/li>\n\n\n\n<li>en prenant soin de la sant\u00e9 mentale et corporelle.<\/li>\n<\/ul>\n<\/li>\n\n\n\n<li>Sur le <strong>C\u0153ur<\/strong>&nbsp;:\n<ul class=\"wp-block-list\">\n<li>en diminuant l\u2019isolement, par la coop\u00e9ration ;<\/li>\n\n\n\n<li>en d\u00e9veloppant la culture du pardon et de la r\u00e9ciprocit\u00e9 ;<\/li>\n\n\n\n<li>en d\u00e9veloppant l\u2019estime de soi et des autres.<\/li>\n<\/ul>\n<\/li>\n\n\n\n<li>Sur l\u2019<strong>Esprit<\/strong>&nbsp;:\n<ul class=\"wp-block-list\">\n<li>en d\u00e9veloppant le respect de soi, des autres et de l\u2019environnement ;<\/li>\n\n\n\n<li>en pratiquant l\u2019acculturation pour lutter contre la discrimination, la marginalisation&nbsp;et faciliter l\u2019int\u00e9gration et l\u2019assimilation de la culture du pardon ;<\/li>\n\n\n\n<li>en respectant la libert\u00e9 de pens\u00e9e et d\u2019action.<\/li>\n<\/ul>\n<\/li>\n<\/ul>\n\n\n\n<p><\/p>\n\n\n\n<ul class=\"wp-block-list\">\n<li><strong>Une initiation graduelle en 7 Dan<\/strong>, ainsi d\u00e9nomm\u00e9e dans la culture orientale et nomm\u00e9e dans la culture occidentale, \u00e9tape, grade ou degr\u00e9.<\/li>\n<\/ul>\n\n\n\n<p>Cette initiation permet une \u00e9volution progressive. <\/p>\n\n\n\n<p>Elle d\u00e9bute par l\u2019ex\u00e9cution dirig\u00e9e de modules, dont d\u00e9coulent des progr\u00e8s mesurables par chacun, individuellement, en fonction de ses avanc\u00e9es personnelles au rythme de l\u2019acquisition intime des 7 Dan&nbsp;:<\/p>\n\n\n\n<ul class=\"wp-block-list\">\n<li>Respiration naturelle ;<\/li>\n\n\n\n<li>Identification de ses sept \u00e9motions primaires (Roue des \u00e9motions<em> <a href=\"http:\/\/ifrie.org\/index.php\/2022\/11\/16\/bonjour-tout-le-monde\/#_ftn1\"><strong>[<\/strong><strong>2<\/strong><strong>]<\/strong><\/a><\/em>) ;<\/li>\n\n\n\n<li>R\u00e9gulation de ses \u00e9motions inhibitrices ou stimulatrices ;<\/li>\n\n\n\n<li>Identification des \u00e9motions des prochains ;<\/li>\n\n\n\n<li>R\u00e9gulation des \u00e9motions des prochains ;<\/li>\n\n\n\n<li>Identification de son intention de vie ;<\/li>\n\n\n\n<li>Identification des intentions de vie des prochains.<\/li>\n<\/ul>\n\n\n\n<p>Ces \u00ab\u00a07 Dan\u00a0\u00bb font l\u2019objet\u00a0d\u2019une qu\u00eate, simultan\u00e9e et personnelle, pour une meilleure connaissance de soi, des autres et de notre environnement, chacun \u00e9tant le propre juge de ses progr\u00e8s.<\/p>\n\n\n\n<ul class=\"wp-block-list\">\n<li><strong>Les actions en cours<\/strong>.<\/li>\n<\/ul>\n\n\n\n<p>Voici trois projets repr\u00e9sentatifs, actuellement en pr\u00e9paration&nbsp;:<\/p>\n\n\n\n<p><strong>Le M\u00e9mento \u00ab&nbsp;<\/strong><em><strong>En cas de crise ou de guerre<\/strong><\/em><strong>&nbsp;\u00bb<\/strong>&nbsp;est un document simplifi\u00e9 de sensibilisation (et de mobilisation potentielle) en cours de finalisation. Elabor\u00e9 sur le mod\u00e8le de celui cr\u00e9\u00e9, en 2018, par la Su\u00e8de pour ses concitoyens, il sera distribu\u00e9, d\u00e8s le deuxi\u00e8me semestre 2023, en priorit\u00e9 aux maires et concitoyens de communes ayant travers\u00e9, ou pouvant traverser dans le futur, des situations de p\u00e9rils majeurs.<\/p>\n\n\n\n<p><strong>La cr\u00e9ation du cursus \u00ab&nbsp;<\/strong><em><strong>RESILIENCE<\/strong><\/em><strong>&nbsp;<\/strong><em><strong>TOP<\/strong><\/em><strong>&nbsp;\u00bb (Techniques d\u2019Optimisation du Potentiel) pour le SNU (Service national universel),<\/strong>&nbsp;pour une sensibilisation personnalis\u00e9e des participants, \u00e0 l\u2019\u00e9chelle individuelle et collective. La d\u00e9marche a \u00e9t\u00e9 pr\u00e9sent\u00e9e le 1<sup>er<\/sup>&nbsp;mars 2023, sur la base d\u2019exp\u00e9riences r\u00e9elles sur le terrain, aux r\u00e9sultats chiffr\u00e9s, dans les domaines de l\u2019Education nationale et de la D\u00e9fense.&nbsp;<i>La d\u00e9marche a \u00e9t\u00e9 valid\u00e9e par l\u2019Education nationale, ma\u00eetre d\u2019ouvrage du SNU, avec un objectif de sensibilisation aux bonnes pratiques, d\u00e9s juillet 2023, au profit<\/i><em> <\/em><em>de 220 jeunes, et des encadrants dont les Tuteurs de maisonn\u00e9e<\/em>.<\/p>\n\n\n\n<p><strong>L\u2019organisation d\u2019un deuxi\u00e8me colloque, sur \u00ab&nbsp;<em>Le r\u00f4le du citoyen dans la D\u00e9fense et la R\u00e9silience de la Nation&nbsp;<\/em>\u00bb<\/strong>,<strong> <\/strong>lors de la deuxi\u00e8me<strong> Journ\u00e9e nationale de la R\u00e9silience, le 13 octobre 2023<\/strong>, qui dressera le bilan des r\u00e9flexions et des actions exp\u00e9rimentales en cours, en vue d\u2019am\u00e9liorations et de g\u00e9n\u00e9ralisation de la d\u00e9marche .<\/p>\n\n\n\n<p>Le premier colloque, coorganis\u00e9 avec des institutions, des r\u00e9servistes citoyens et des membres de l\u2019<em>ARC,<\/em>&nbsp;s\u2019\u00e9tait tenu, le 23 septembre 2018, dans le grand amphith\u00e9\u00e2tre Foch \u00e0 l\u2019Ecole Militaire.<\/p>\n\n\n\n<p>On notera que le cursus \u00ab&nbsp;<em><strong>R\u00e9silience&nbsp;TOP<\/strong><\/em>&nbsp;\u00bb \u00e9voqu\u00e9 ci-dessus est parfaitement compatible avec d\u2019autres environnements souhaitant sensibiliser, des jeunes ou des adultes, aux bonnes pratiques r\u00e9silientes, notamment, des \u00e9l\u00e8ves individuellement, ou des formateurs dans le pilotage de groupes.<\/p>\n\n\n\n<p><a href=\"mailto:contact@ifrie.org\">contact@ifrie.org<\/a><\/p>\n\n\n\n<hr class=\"wp-block-separator has-alpha-channel-opacity\"\/>\n\n\n\n<ul class=\"wp-block-list\">\n<li><a href=\"http:\/\/ifrie.org\/index.php\/2022\/11\/16\/bonjour-tout-le-monde\/#_ftnref1\">[1]<\/a>&nbsp;<strong>L\u2019<\/strong><em><strong>ARC<\/strong><\/em>&nbsp;(association R\u00e9silience citoyenne). Son objectif consiste \u00e0 exp\u00e9rimenter, au c\u00f4t\u00e9 de l\u2019\u00c9tat, de nouvelles formes de r\u00e9flexion et d\u2019actions pouvant contribuer \u00e0 la r\u00e9silience individuelle et collective fran\u00e7aise. Audition de l\u2019<em>ARC<\/em>&nbsp;\u00e0 l\u2019Assembl\u00e9e nationale, le 30 novembre 2021, sur la r\u00e9silience nationale &#8211;&nbsp;<a href=\"https:\/\/www.assemblee-nationale.fr\/dyn\/15\/comptes-rendus\/resinat\/l15resinat2122054_compte-rendu\">https:\/\/www.assemblee-nationale.fr\/dyn\/15\/comptes-rendus\/resinat\/l15resinat2122054_compte-rendu<\/a><\/li>\n\n\n\n<li><a href=\"http:\/\/ifrie.org\/index.php\/2022\/11\/16\/bonjour-tout-le-monde\/#_ftnref1\">[2]<\/a>&nbsp;<strong>Roue des \u00e9motions &#8211; <\/strong><a href=\"https:\/\/www.calameo.com\/read\/007167811c55ed2161b91\">Roue des \u00e9motions <em>ARC<\/em> &#8211; f\u00e9vrier 2023<\/a><\/li>\n\n\n\n<li><a href=\"http:\/\/ifrie.org\/index.php\/2022\/11\/16\/bonjour-tout-le-monde\/#_ftnref1\">[3]<\/a>&nbsp;<strong>Concept des 7 facteurs de r\u00e9silience &#8211;<\/strong> <a href=\"https:\/\/www.calameo.com\/read\/0071678119766ba39feb9\">Concept des 7 facteurs de R\u00e9silience et M\u00e9thode des 7 dan &#8211; Copyright <em>ARC <\/em>&amp; IFRIE 2023 2035<\/a><\/li>\n<\/ul>\n\n\n\n<p><\/p>\n","protected":false},"excerpt":{"rendered":"<p>Principes et m\u00e9thodes. Notre environnement collectif est complexe et fragile. Or, le voil\u00e0 soumis \u00e0 des crises de toutes natures, parfois profondes, g\u00e9n\u00e9rant peurs, anxi\u00e9t\u00e9, mal-\u00eatre et repli sur soi, ou sur d\u2019autres, peut-\u00eatre, \u00e9galement en mal-\u00eatre. Ces situations, exacerb\u00e9es&nbsp;par d\u2019incessants messages de doute et de haine, sont amplifi\u00e9es par des r\u00e9seaux sociaux ou des [&hellip;]<\/p>\n","protected":false},"author":1,"featured_media":0,"comment_status":"open","ping_status":"open","sticky":false,"template":"","format":"standard","meta":{"footnotes":""},"categories":[1],"tags":[],"class_list":["post-1","post","type-post","status-publish","format-standard","hentry","category-non-classe"],"_links":{"self":[{"href":"https:\/\/ifrie.org\/index.php\/wp-json\/wp\/v2\/posts\/1","targetHints":{"allow":["GET"]}}],"collection":[{"href":"https:\/\/ifrie.org\/index.php\/wp-json\/wp\/v2\/posts"}],"about":[{"href":"https:\/\/ifrie.org\/index.php\/wp-json\/wp\/v2\/types\/post"}],"author":[{"embeddable":true,"href":"https:\/\/ifrie.org\/index.php\/wp-json\/wp\/v2\/users\/1"}],"replies":[{"embeddable":true,"href":"https:\/\/ifrie.org\/index.php\/wp-json\/wp\/v2\/comments?post=1"}],"version-history":[{"count":29,"href":"https:\/\/ifrie.org\/index.php\/wp-json\/wp\/v2\/posts\/1\/revisions"}],"predecessor-version":[{"id":46,"href":"https:\/\/ifrie.org\/index.php\/wp-json\/wp\/v2\/posts\/1\/revisions\/46"}],"wp:attachment":[{"href":"https:\/\/ifrie.org\/index.php\/wp-json\/wp\/v2\/media?parent=1"}],"wp:term":[{"taxonomy":"category","embeddable":true,"href":"https:\/\/ifrie.org\/index.php\/wp-json\/wp\/v2\/categories?post=1"},{"taxonomy":"post_tag","embeddable":true,"href":"https:\/\/ifrie.org\/index.php\/wp-json\/wp\/v2\/tags?post=1"}],"curies":[{"name":"wp","href":"https:\/\/api.w.org\/{rel}","templated":true}]}}